{"id":323,"date":"2023-08-21T10:31:48","date_gmt":"2023-08-21T10:31:48","guid":{"rendered":"https:\/\/florreichl.com\/?p=323"},"modified":"2024-05-07T10:38:52","modified_gmt":"2024-05-07T10:38:52","slug":"la-sombra-del-pasado-estrellas-de-fuego-volumen-2","status":"publish","type":"post","link":"https:\/\/florreichl.com\/?p=323","title":{"rendered":"V\u00eddeos promocionales de \u00abEstrellas de fuego\u00bb"},"content":{"rendered":"<h3 style=\"text-align: center;\">\u00abLa sombra del pasado. Volumen 2: Estrellas de fuego\u00bb<\/h3>\n<p>&nbsp;<\/p>\n<figure id=\"attachment_416\" aria-describedby=\"caption-attachment-416\" style=\"width: 195px\" class=\"wp-caption aligncenter\"><img fetchpriority=\"high\" decoding=\"async\" class=\"size-medium wp-image-416\" src=\"https:\/\/florreichl.com\/wp-content\/uploads\/2024\/05\/portada-p2-195x300.png\" alt=\"\" width=\"195\" height=\"300\" srcset=\"https:\/\/florreichl.com\/wp-content\/uploads\/2024\/05\/portada-p2-195x300.png 195w, https:\/\/florreichl.com\/wp-content\/uploads\/2024\/05\/portada-p2-665x1024.png 665w, https:\/\/florreichl.com\/wp-content\/uploads\/2024\/05\/portada-p2-768x1182.png 768w, https:\/\/florreichl.com\/wp-content\/uploads\/2024\/05\/portada-p2.png 844w\" sizes=\"(max-width: 195px) 100vw, 195px\" \/><figcaption id=\"caption-attachment-416\" class=\"wp-caption-text\">La sombra del pasado. Volumen 2: Estrellas de fuego<\/figcaption><\/figure>\n<p>&nbsp;<\/p>\n<p>Estas \u00faltimas semanas estuve pensando en maneras de acercar m\u00e1s los lectores a los <a href=\"https:\/\/florreichl.com\/?p=266\">personajes<\/a> de la <a href=\"https:\/\/florreichl.com\/?p=140\">novela<\/a>, sobre todo aquellos que aparecen en el segundo volumen, <a href=\"https:\/\/florreichl.com\/?p=415\">\u00abEstrellas de fuego\u00bb<\/a>, que ya est\u00e1 en <a href=\"https:\/\/conmdemujer.es\/producto\/la-sombra-del-pasado-volumen-2-estrellas-de-fuego\/\">preventa<\/a>. Por ello, decid\u00ed hacer varios v\u00eddeos con textos escritos desde la perspectiva de dichos personajes. Espero que les gusten (\u00a1y no olviden prestar atenci\u00f3n a los detalles!). En cada v\u00eddeo hay pistas sobre la segunda parte que pueden serles de mucha ayuda. \u00a1Disfruten!<!--more--><\/p>\n<h3><\/h3>\n<p>&nbsp;<\/p>\n<h3 style=\"text-align: center;\">David<\/h3>\n<p>David es uno de los amigos del instituto de Cristina y Carlos, de Santander. Aparece en \u00abLuces de invierno\u00bb y vuelve a hacerlo en \u00abEstrellas de fuego\u00bb. El enlace los llevar\u00e1 directamente al v\u00eddeo colgado en <a href=\"https:\/\/youtu.be\/QJCJiuPrdCI\">YouTube<\/a>. \u00a1Disfruten!<\/p>\n<p>No te olvides de verlo tambi\u00e9n en <a href=\"https:\/\/www.instagram.com\/p\/CwCu1fctgLZ\/\">Instagram<\/a>.<\/p>\n<p>&nbsp;<\/p>\n<p><img decoding=\"async\" class=\"size-medium wp-image-426 aligncenter\" src=\"https:\/\/florreichl.com\/wp-content\/uploads\/2023\/08\/David-pag-web-300x155.png\" alt=\"\" width=\"300\" height=\"155\" srcset=\"https:\/\/florreichl.com\/wp-content\/uploads\/2023\/08\/David-pag-web-300x155.png 300w, https:\/\/florreichl.com\/wp-content\/uploads\/2023\/08\/David-pag-web-1024x528.png 1024w, https:\/\/florreichl.com\/wp-content\/uploads\/2023\/08\/David-pag-web-768x396.png 768w, https:\/\/florreichl.com\/wp-content\/uploads\/2023\/08\/David-pag-web-1536x792.png 1536w, https:\/\/florreichl.com\/wp-content\/uploads\/2023\/08\/David-pag-web-2048x1056.png 2048w, https:\/\/florreichl.com\/wp-content\/uploads\/2023\/08\/David-pag-web-1140x588.png 1140w\" sizes=\"(max-width: 300px) 100vw, 300px\" \/><\/p>\n<p>&nbsp;<\/p>\n<p>&nbsp;<\/p>\n<h3><\/h3>\n<h3 style=\"text-align: center;\">Leticia<\/h3>\n<p>Amiga de la universidad de Cristina. Aparece en \u00abLuces de invierno\u00bb y vuelve a hacerlo en \u00abEstrellas de fuego\u00bb. El enlace los llevar\u00e1 directamente al v\u00eddeo colgado en<a href=\"https:\/\/youtu.be\/9ygYumsqgVo\"> YouTube<\/a>. \u00a1Espero que les guste!<\/p>\n<p>\u00bfPrefer\u00eds Instagram? <a href=\"https:\/\/www.instagram.com\/p\/CwUdMIgO2yE\/\">\u00a1Tambi\u00e9n lo ten\u00e9s!<\/a><\/p>\n<p>&nbsp;<\/p>\n<p style=\"text-align: center;\"><img decoding=\"async\" class=\"size-medium wp-image-427 aligncenter\" src=\"https:\/\/florreichl.com\/wp-content\/uploads\/2023\/08\/Leticia-pag-web-300x157.png\" alt=\"\" width=\"300\" height=\"157\" srcset=\"https:\/\/florreichl.com\/wp-content\/uploads\/2023\/08\/Leticia-pag-web-300x157.png 300w, https:\/\/florreichl.com\/wp-content\/uploads\/2023\/08\/Leticia-pag-web-1024x537.png 1024w, https:\/\/florreichl.com\/wp-content\/uploads\/2023\/08\/Leticia-pag-web-768x403.png 768w, https:\/\/florreichl.com\/wp-content\/uploads\/2023\/08\/Leticia-pag-web-1536x806.png 1536w, https:\/\/florreichl.com\/wp-content\/uploads\/2023\/08\/Leticia-pag-web-2048x1074.png 2048w, https:\/\/florreichl.com\/wp-content\/uploads\/2023\/08\/Leticia-pag-web-1140x598.png 1140w\" sizes=\"(max-width: 300px) 100vw, 300px\" \/><\/p>\n<p>&nbsp;<\/p>\n<p>&nbsp;<\/p>\n<h3 style=\"text-align: center;\">Federico<\/h3>\n<p>Compa\u00f1ero de trabajo de Sebasti\u00e1n y Pedro. Se menciona en \u00abLuces de invierno\u00bb y aparece en \u00abEstrellas de fuego\u00bb. Enlace a <a href=\"https:\/\/youtu.be\/XuxM3ELQU18\">YouTube<\/a> <a href=\"https:\/\/www.instagram.com\/p\/CwmvUWiuP9j\/\">y a Instagram<\/a>. \u00a1Ojal\u00e1 les guste!<\/p>\n<p>&nbsp;<\/p>\n<p style=\"text-align: center;\"><img loading=\"lazy\" decoding=\"async\" class=\"size-medium wp-image-428 aligncenter\" src=\"https:\/\/florreichl.com\/wp-content\/uploads\/2023\/08\/Federico-pag-web-168x300.png\" alt=\"\" width=\"168\" height=\"300\" srcset=\"https:\/\/florreichl.com\/wp-content\/uploads\/2023\/08\/Federico-pag-web-168x300.png 168w, https:\/\/florreichl.com\/wp-content\/uploads\/2023\/08\/Federico-pag-web-574x1024.png 574w, https:\/\/florreichl.com\/wp-content\/uploads\/2023\/08\/Federico-pag-web.png 727w\" sizes=\"(max-width: 168px) 100vw, 168px\" \/><\/p>\n<p>&nbsp;<\/p>\n<p>&nbsp;<\/p>\n<h3 style=\"text-align: center;\">Perla<\/h3>\n<p>La pareja de Carlos, el mejor amigo de Cristina. Obviamente tambi\u00e9n sale en \u00abEstrellas de fuego\u00bb. \u00a1No te lo pierdas en <a href=\"https:\/\/www.youtube.com\/watch?v=acTNVIVh-ec\">YouTube<\/a> o en <a href=\"https:\/\/www.instagram.com\/p\/C6gUjOMtwtt\/\">Instagram<\/a>: donde vos prefieras!<\/p>\n<p>&nbsp;<\/p>\n<p style=\"text-align: center;\"><img loading=\"lazy\" decoding=\"async\" class=\"size-medium wp-image-429 aligncenter\" src=\"https:\/\/florreichl.com\/wp-content\/uploads\/2023\/08\/Perla-pag-web-168x300.png\" alt=\"\" width=\"168\" height=\"300\" srcset=\"https:\/\/florreichl.com\/wp-content\/uploads\/2023\/08\/Perla-pag-web-168x300.png 168w, https:\/\/florreichl.com\/wp-content\/uploads\/2023\/08\/Perla-pag-web-573x1024.png 573w, https:\/\/florreichl.com\/wp-content\/uploads\/2023\/08\/Perla-pag-web.png 729w\" sizes=\"(max-width: 168px) 100vw, 168px\" \/><\/p>\n<p>&nbsp;<\/p>\n<p>&nbsp;<\/p>\n","protected":false},"excerpt":{"rendered":"<p>\u00abLa sombra del pasado. Volumen 2: Estrellas de fuego\u00bb &nbsp; &nbsp; Estas \u00faltimas semanas estuve pensando en maneras de acercar m\u00e1s los lectores a los personajes de la novela, sobre todo aquellos que aparecen en el segundo volumen, \u00abEstrellas de fuego\u00bb, que ya est\u00e1 en preventa. Por ello, decid\u00ed hacer varios v\u00eddeos con textos escritos desde la perspectiva de dichos personajes. Espero que les gusten (\u00a1y no olviden prestar atenci\u00f3n a los detalles!). En cada v\u00eddeo hay pistas sobre la segunda parte que pueden serles de mucha ayuda. \u00a1Disfruten!<\/p>\n","protected":false},"author":1,"featured_media":0,"comment_status":"closed","ping_status":"closed","sticky":false,"template":"","format":"standard","meta":{"om_disable_all_campaigns":false,"_monsterinsights_skip_tracking":false,"_monsterinsights_sitenote_active":false,"_monsterinsights_sitenote_note":"","_monsterinsights_sitenote_category":0,"footnotes":""},"categories":[4,1],"tags":[24,44,43,23,20,45,21,46],"class_list":["post-323","post","type-post","status-publish","format-standard","hentry","category-narrativa","category-novedades","tag-escribiresvida","tag-estrellasdefuego","tag-lasombradelpasado","tag-leeressexy","tag-literatura","tag-novelapoliciaca","tag-novelaromantica","tag-videos"],"aioseo_notices":[],"_links":{"self":[{"href":"https:\/\/florreichl.com\/index.php?rest_route=\/wp\/v2\/posts\/323","targetHints":{"allow":["GET"]}}],"collection":[{"href":"https:\/\/florreichl.com\/index.php?rest_route=\/wp\/v2\/posts"}],"about":[{"href":"https:\/\/florreichl.com\/index.php?rest_route=\/wp\/v2\/types\/post"}],"author":[{"embeddable":true,"href":"https:\/\/florreichl.com\/index.php?rest_route=\/wp\/v2\/users\/1"}],"replies":[{"embeddable":true,"href":"https:\/\/florreichl.com\/index.php?rest_route=%2Fwp%2Fv2%2Fcomments&post=323"}],"version-history":[{"count":21,"href":"https:\/\/florreichl.com\/index.php?rest_route=\/wp\/v2\/posts\/323\/revisions"}],"predecessor-version":[{"id":487,"href":"https:\/\/florreichl.com\/index.php?rest_route=\/wp\/v2\/posts\/323\/revisions\/487"}],"wp:attachment":[{"href":"https:\/\/florreichl.com\/index.php?rest_route=%2Fwp%2Fv2%2Fmedia&parent=323"}],"wp:term":[{"taxonomy":"category","embeddable":true,"href":"https:\/\/florreichl.com\/index.php?rest_route=%2Fwp%2Fv2%2Fcategories&post=323"},{"taxonomy":"post_tag","embeddable":true,"href":"https:\/\/florreichl.com\/index.php?rest_route=%2Fwp%2Fv2%2Ftags&post=323"}],"curies":[{"name":"wp","href":"https:\/\/api.w.org\/{rel}","templated":true}]}}