{"id":140,"date":"2023-07-08T16:33:17","date_gmt":"2023-07-08T16:33:17","guid":{"rendered":"https:\/\/florreichl.com\/?p=140"},"modified":"2024-05-07T07:26:27","modified_gmt":"2024-05-07T07:26:27","slug":"140","status":"publish","type":"post","link":"https:\/\/florreichl.com\/?p=140","title":{"rendered":"La sombra del pasado. Volumen 1: Luces de invierno"},"content":{"rendered":"<h2><a href=\"https:\/\/conmdemujer.es\/producto\/la-sombra-del-pasado\/\" target=\"_blank\" rel=\"noopener\"><img fetchpriority=\"high\" decoding=\"async\" class=\"wp-image-104 size-full aligncenter\" src=\"https:\/\/florreichl.com\/wp-content\/uploads\/2023\/07\/banner-sombras.png\" alt=\"\" width=\"1280\" height=\"720\" srcset=\"https:\/\/florreichl.com\/wp-content\/uploads\/2023\/07\/banner-sombras.png 1280w, https:\/\/florreichl.com\/wp-content\/uploads\/2023\/07\/banner-sombras-300x169.png 300w, https:\/\/florreichl.com\/wp-content\/uploads\/2023\/07\/banner-sombras-1024x576.png 1024w, https:\/\/florreichl.com\/wp-content\/uploads\/2023\/07\/banner-sombras-768x432.png 768w\" sizes=\"(max-width: 1280px) 100vw, 1280px\" \/><\/a><\/h2>\n<h2>Informaci\u00f3n b\u00e1sica<\/h2>\n<p><strong>Nombre:<\/strong> La sombra del pasado. Volumen 1: Luces de invierno<\/p>\n<p>Primer volumen de la obra completa.<\/p>\n<p><strong>G\u00e9nero:<\/strong> rom\u00e1ntica, contempor\u00e1nea, ficci\u00f3n.<\/p>\n<p><strong>Publicaci\u00f3n:<\/strong> julio de 2023.<\/p>\n<p><strong>Editorial:<\/strong> <a href=\"https:\/\/conmdemujer.es\/\">Con M de Mujer.<\/a><\/p>\n<h2>Sinopsis<\/h2>\n<p><!--more--><\/p>\n<p>Cristina, una joven estad\u00edstica originaria de Santander, lleva viviendo en Madrid desde que comenz\u00f3 la universidad. A pesar de echar de menos sus ra\u00edces c\u00e1ntabras, decidi\u00f3 quedarse en la capital incluso despu\u00e9s de haber terminado sus estudios. Dado que, afortunadamente, su mejor amigo, Carlos, tambi\u00e9n vive en Madrid, no se siente tan sola. Sin embargo, cuando Carlos comienza una relaci\u00f3n seria con otra chica, todo cambia.<\/p>\n<p>Cuando Cristina decide distanciarse de Carlos, conoce a Sebasti\u00e1n, con quien tiene bastantes cosas en com\u00fan. No obstante, las consecuencias de todas esas decisiones ser\u00e1n tan catastr\u00f3ficas como el destrozo que deja un hurac\u00e1n a su paso: no solo su vida da un vuelco, sino tambi\u00e9n la de todas y cada una de las personas que la rodean.<\/p>\n<p>En este volumen de la novela se invita al lector no solo a conocer la trama, sino tambi\u00e9n a resolver los problemas que se plantean a lo largo de tanto el primer como el segundo volumen. Todo ello se centra en la vida de Cristina y sus relaciones interpersonales.<\/p>\n<h2><\/h2>\n<h2>Personajes<\/h2>\n<p>Para obtener m\u00e1s informaci\u00f3n sobre los personajes de esta novela, acced\u00e9 a <a href=\"https:\/\/florreichl.com\/?p=266\">esta entrada.<\/a><\/p>\n<h2><\/h2>\n<h2>Banda sonora<\/h2>\n<p>A trav\u00e9s de algunas plataformas de reproducci\u00f3n de m\u00fasica <em>online<\/em>, vas a encontrar una lista que te va a permitir escuchar m\u00fasica relacionada directamente con la novela. Eso s\u00ed: si tu intenci\u00f3n es aprovecharla, escuchala en el mismo orden en que aparecen las canciones mientras lees el libro.<\/p>\n<p><em>Nombre de la lista:<\/em> \u00abLa sombra del pasado: Luces de invierno. Volumen 1\u00bb.<\/p>\n<p><em>Plataformas en las que la lista est\u00e1 disponible:<\/em> <a href=\"https:\/\/music.apple.com\/es\/playlist\/la-sombra-del-pasado-luces-de-invierno-volumen-1\/pl.u-MDAWve3sAbvve3G\">Apple Music<\/a>, <a href=\"https:\/\/open.spotify.com\/playlist\/6cAvRdMtkqrtwmGkhMAIDN?si=a5ea36de99d14151\">Spotify<\/a>, <a href=\"https:\/\/youtube.com\/playlist?list=PLbo8EAsylOJBISMzr15mBCSd6LYHxgrxw\">YouTube<\/a>.<\/p>\n<h2><\/h2>\n<h2>Booktrailer<\/h2>\n<p>\u00a1Acced\u00e9 al booktrailer del libro! Est\u00e1 disponible tanto en <a href=\"https:\/\/www.youtube.com\/watch?v=Z8cafuVZTW0&amp;ab_channel=FlorReichl\">YouTube<\/a> como en <a href=\"https:\/\/www.instagram.com\/reel\/Cu6Vuq3Li1e\/?utm_source=ig_web_copy_link&amp;igshid=MzRlODBiNWFlZA==\">Instagram<\/a> (\u00a1con sonido, claro!).<\/p>\n<h2><\/h2>\n<h2>\u00bfC\u00f3mo conseguirlo?<\/h2>\n<p>Si resid\u00eds en Espa\u00f1a, pod\u00e9s comprarlo a trav\u00e9s de nuestra <a href=\"https:\/\/florreichl.com\/?page_id=54\">Tienda<\/a>. Para comprar y enviar ejemplares a diferentes puntos de Latinoam\u00e9rica y Estados Unidos, elig\u00ed y hac\u00e9 <em>click<\/em> en una de las siguientes opciones:<\/p>\n<ul>\n<li><a href=\"https:\/\/conmdemujer-ar.quares.es\/apex\/r\/quares\/landingweb\/detalle-producto?p2_id=40095&amp;session=10777216951813\">Argentina<\/a><\/li>\n<li><a href=\"https:\/\/conmdemujer-cl.quares.es\/apex\/r\/quares\/landingweb\/detalle-producto?p2_id=40095&amp;session=28227312237024\">Chile<\/a><\/li>\n<li><a href=\"https:\/\/conmdemujer-co.quares.es\/apex\/r\/quares\/landingweb\/detalle-producto?p2_id=40095&amp;session=9770890170667\">Colombia<\/a><\/li>\n<li><a href=\"https:\/\/conmdemujer-cr.quares.es\/apex\/r\/quares\/landingweb\/detalle-producto?p2_id=40095&amp;session=12741762842202\">Costa Rica<\/a><\/li>\n<li><a href=\"https:\/\/conmdemujer-ec.quares.es\/apex\/r\/quares\/landingweb\/detalle-producto?p2_id=40095&amp;session=13062757717940\">Ecuador<\/a><\/li>\n<li><a href=\"https:\/\/conmdemujer-us.quares.es\/apex\/r\/quares\/landingweb\/detalle-producto?p2_id=40095&amp;session=3754823343601\">Estados Unidos<\/a><\/li>\n<li><a href=\"https:\/\/conmdemujer-mx.quares.es\/apex\/r\/quares\/landingweb\/detalle-producto?p2_id=40095&amp;session=11286573232161\">M\u00e9xico<\/a><\/li>\n<\/ul>\n","protected":false},"excerpt":{"rendered":"<p>Informaci\u00f3n b\u00e1sica Nombre: La sombra del pasado. Volumen 1: Luces de invierno Primer volumen de la obra completa. G\u00e9nero: rom\u00e1ntica, contempor\u00e1nea, ficci\u00f3n. Publicaci\u00f3n: julio de 2023. Editorial: Con M de Mujer. Sinopsis<\/p>\n","protected":false},"author":2,"featured_media":0,"comment_status":"closed","ping_status":"closed","sticky":false,"template":"","format":"standard","meta":{"om_disable_all_campaigns":false,"_monsterinsights_skip_tracking":false,"_monsterinsights_sitenote_active":false,"_monsterinsights_sitenote_note":"","_monsterinsights_sitenote_category":0,"footnotes":""},"categories":[4,1],"tags":[37,38,24,16,23,20,34,21,39,36,32,35,33],"class_list":["post-140","post","type-post","status-publish","format-standard","hentry","category-narrativa","category-novedades","tag-bandasonoradellibro","tag-booktrailer","tag-escribiresvida","tag-lasombradelpasadolucesdeinvierno","tag-leeressexy","tag-literatura","tag-novelacontemporanea","tag-novelaromantica","tag-paisesdisponibles","tag-personajes","tag-publicacion","tag-sinopsis","tag-suenos"],"aioseo_notices":[],"_links":{"self":[{"href":"https:\/\/florreichl.com\/index.php?rest_route=\/wp\/v2\/posts\/140","targetHints":{"allow":["GET"]}}],"collection":[{"href":"https:\/\/florreichl.com\/index.php?rest_route=\/wp\/v2\/posts"}],"about":[{"href":"https:\/\/florreichl.com\/index.php?rest_route=\/wp\/v2\/types\/post"}],"author":[{"embeddable":true,"href":"https:\/\/florreichl.com\/index.php?rest_route=\/wp\/v2\/users\/2"}],"replies":[{"embeddable":true,"href":"https:\/\/florreichl.com\/index.php?rest_route=%2Fwp%2Fv2%2Fcomments&post=140"}],"version-history":[{"count":27,"href":"https:\/\/florreichl.com\/index.php?rest_route=\/wp\/v2\/posts\/140\/revisions"}],"predecessor-version":[{"id":431,"href":"https:\/\/florreichl.com\/index.php?rest_route=\/wp\/v2\/posts\/140\/revisions\/431"}],"wp:attachment":[{"href":"https:\/\/florreichl.com\/index.php?rest_route=%2Fwp%2Fv2%2Fmedia&parent=140"}],"wp:term":[{"taxonomy":"category","embeddable":true,"href":"https:\/\/florreichl.com\/index.php?rest_route=%2Fwp%2Fv2%2Fcategories&post=140"},{"taxonomy":"post_tag","embeddable":true,"href":"https:\/\/florreichl.com\/index.php?rest_route=%2Fwp%2Fv2%2Ftags&post=140"}],"curies":[{"name":"wp","href":"https:\/\/api.w.org\/{rel}","templated":true}]}}